{"id":1801,"date":"2025-10-15T14:00:00","date_gmt":"2025-10-15T12:00:00","guid":{"rendered":"https:\/\/blogs.etsii.urjc.es\/museo\/?p=1801"},"modified":"2025-11-24T19:37:16","modified_gmt":"2025-11-24T18:37:16","slug":"toma-de-posesion-del-nuevo-director-de-la-etsii-y-de-su-equipo-directivo","status":"publish","type":"post","link":"https:\/\/blogs.etsii.urjc.es\/museo\/museo\/toma-de-posesion-del-nuevo-director-de-la-etsii-y-de-su-equipo-directivo\/","title":{"rendered":"Toma de posesi\u00f3n del nuevo director de la ETSII y de su equipo directivo"},"content":{"rendered":"\n<p>Tras las elecciones a Rector en las que el <a href=\"https:\/\/servicios.urjc.es\/pdi\/ver\/abraham.duarte\" target=\"_blank\" rel=\"noreferrer noopener\">prof. Abraham Duarte Mu\u00f1oz<\/a> sali\u00f3 victorioso (quinto en la foto por la izquierda), estaba vacante el puesto de director o directora de nuestra Escuela. Tras un sencillo proceso electoral se eligi\u00f3 al <a href=\"https:\/\/servicios.urjc.es\/pdi\/ver\/josemanuel.colmenar\" target=\"_blank\" rel=\"noreferrer noopener\">prof. Jos\u00e9 Mar\u00eda Colmenar Verdugo<\/a>, catedr\u00e1tico de Ciencias de la Computaci\u00f3n e Inteligencia Artificial (quinto en la foto por la derecha). Hoy ha tomado posesi\u00f3n de su nuevo cargo y ha posado tambi\u00e9n junto al resto de los miembros de su equipo directivo.<\/p>\n\n\n\n<p>Por primera vez dentro de la ETSII se formaliza el cargo de <strong>coordinador acad\u00e9mico del Museo de la Inform\u00e1tica<\/strong>, figura que recae sobre el <a href=\"https:\/\/servicios.urjc.es\/pdi\/ver\/angel.serrano\" target=\"_blank\" rel=\"noreferrer noopener\">prof. \u00c1ngel Serrano S\u00e1nchez de Le\u00f3n<\/a> (segundo en la foto por la izquierda), que ya ven\u00eda haciendo estas labores de gesti\u00f3n y organizaci\u00f3n del Museo desde el a\u00f1o 2019.<\/p>\n\n\n\n<figure class=\"wp-block-image size-large\"><img loading=\"lazy\" decoding=\"async\" width=\"1024\" height=\"728\" src=\"https:\/\/blogs.etsii.urjc.es\/museo\/wp-content\/uploads\/sites\/12\/2025\/11\/20251015-1024x728.jpg\" alt=\"\" class=\"wp-image-1802\" srcset=\"https:\/\/blogs.etsii.urjc.es\/museo\/wp-content\/uploads\/sites\/12\/2025\/11\/20251015-1024x728.jpg 1024w, https:\/\/blogs.etsii.urjc.es\/museo\/wp-content\/uploads\/sites\/12\/2025\/11\/20251015-300x213.jpg 300w, https:\/\/blogs.etsii.urjc.es\/museo\/wp-content\/uploads\/sites\/12\/2025\/11\/20251015-768x546.jpg 768w, https:\/\/blogs.etsii.urjc.es\/museo\/wp-content\/uploads\/sites\/12\/2025\/11\/20251015-1536x1092.jpg 1536w, https:\/\/blogs.etsii.urjc.es\/museo\/wp-content\/uploads\/sites\/12\/2025\/11\/20251015.jpg 1903w\" sizes=\"auto, (max-width: 1024px) 100vw, 1024px\" \/><\/figure>\n","protected":false},"excerpt":{"rendered":"<p>Tras las elecciones a Rector en las que el prof. Abraham Duarte Mu\u00f1oz sali\u00f3 victorioso (quinto en la foto por la izquierda), estaba vacante el puesto de director o directora de nuestra Escuela. Tras un sencillo proceso electoral se eligi\u00f3 al prof. Jos\u00e9 Mar\u00eda Colmenar Verdugo, catedr\u00e1tico de Ciencias de la Computaci\u00f3n e Inteligencia Artificial [&hellip;]<\/p>\n","protected":false},"author":12,"featured_media":0,"comment_status":"closed","ping_status":"open","sticky":false,"template":"","format":"standard","meta":{"site-sidebar-layout":"default","site-content-layout":"","ast-site-content-layout":"default","site-content-style":"default","site-sidebar-style":"default","ast-global-header-display":"","ast-banner-title-visibility":"","ast-main-header-display":"","ast-hfb-above-header-display":"","ast-hfb-below-header-display":"","ast-hfb-mobile-header-display":"","site-post-title":"","ast-breadcrumbs-content":"","ast-featured-img":"","footer-sml-layout":"","ast-disable-related-posts":"","theme-transparent-header-meta":"","adv-header-id-meta":"","stick-header-meta":"","header-above-stick-meta":"","header-main-stick-meta":"","header-below-stick-meta":"","astra-migrate-meta-layouts":"default","ast-page-background-enabled":"default","ast-page-background-meta":{"desktop":{"background-color":"var(--ast-global-color-4)","background-image":"","background-repeat":"repeat","background-position":"center center","background-size":"auto","background-attachment":"scroll","background-type":"","background-media":"","overlay-type":"","overlay-color":"","overlay-opacity":"","overlay-gradient":""},"tablet":{"background-color":"","background-image":"","background-repeat":"repeat","background-position":"center center","background-size":"auto","background-attachment":"scroll","background-type":"","background-media":"","overlay-type":"","overlay-color":"","overlay-opacity":"","overlay-gradient":""},"mobile":{"background-color":"","background-image":"","background-repeat":"repeat","background-position":"center center","background-size":"auto","background-attachment":"scroll","background-type":"","background-media":"","overlay-type":"","overlay-color":"","overlay-opacity":"","overlay-gradient":""}},"ast-content-background-meta":{"desktop":{"background-color":"var(--ast-global-color-5)","background-image":"","background-repeat":"repeat","background-position":"center center","background-size":"auto","background-attachment":"scroll","background-type":"","background-media":"","overlay-type":"","overlay-color":"","overlay-opacity":"","overlay-gradient":""},"tablet":{"background-color":"var(--ast-global-color-5)","background-image":"","background-repeat":"repeat","background-position":"center center","background-size":"auto","background-attachment":"scroll","background-type":"","background-media":"","overlay-type":"","overlay-color":"","overlay-opacity":"","overlay-gradient":""},"mobile":{"background-color":"var(--ast-global-color-5)","background-image":"","background-repeat":"repeat","background-position":"center center","background-size":"auto","background-attachment":"scroll","background-type":"","background-media":"","overlay-type":"","overlay-color":"","overlay-opacity":"","overlay-gradient":""}},"footnotes":""},"categories":[71],"tags":[149,146,150,108,147,148],"class_list":["post-1801","post","type-post","status-publish","format-standard","hentry","category-museo","tag-abraham-duarte-munoz","tag-angel-serrano-sanchez-de-leon","tag-comisario-del-museo","tag-director-de-la-etsii","tag-jose-maria-colmenar-verdugo","tag-rector-de-la-urjc"],"_links":{"self":[{"href":"https:\/\/blogs.etsii.urjc.es\/museo\/wp-json\/wp\/v2\/posts\/1801","targetHints":{"allow":["GET"]}}],"collection":[{"href":"https:\/\/blogs.etsii.urjc.es\/museo\/wp-json\/wp\/v2\/posts"}],"about":[{"href":"https:\/\/blogs.etsii.urjc.es\/museo\/wp-json\/wp\/v2\/types\/post"}],"author":[{"embeddable":true,"href":"https:\/\/blogs.etsii.urjc.es\/museo\/wp-json\/wp\/v2\/users\/12"}],"replies":[{"embeddable":true,"href":"https:\/\/blogs.etsii.urjc.es\/museo\/wp-json\/wp\/v2\/comments?post=1801"}],"version-history":[{"count":3,"href":"https:\/\/blogs.etsii.urjc.es\/museo\/wp-json\/wp\/v2\/posts\/1801\/revisions"}],"predecessor-version":[{"id":1808,"href":"https:\/\/blogs.etsii.urjc.es\/museo\/wp-json\/wp\/v2\/posts\/1801\/revisions\/1808"}],"wp:attachment":[{"href":"https:\/\/blogs.etsii.urjc.es\/museo\/wp-json\/wp\/v2\/media?parent=1801"}],"wp:term":[{"taxonomy":"category","embeddable":true,"href":"https:\/\/blogs.etsii.urjc.es\/museo\/wp-json\/wp\/v2\/categories?post=1801"},{"taxonomy":"post_tag","embeddable":true,"href":"https:\/\/blogs.etsii.urjc.es\/museo\/wp-json\/wp\/v2\/tags?post=1801"}],"curies":[{"name":"wp","href":"https:\/\/api.w.org\/{rel}","templated":true}]}}